{"id":239,"date":"2023-01-30T17:54:04","date_gmt":"2023-01-30T20:54:04","guid":{"rendered":"http:\/\/tudodecake.com.br\/blog\/?p=239"},"modified":"2024-02-13T03:10:50","modified_gmt":"2024-02-13T06:10:50","slug":"nunca-acertei-com-o-tal-biscoito","status":"publish","type":"post","link":"https:\/\/tudodecake.com.br\/blog\/nunca-acertei-com-o-tal-biscoito\/","title":{"rendered":"Nunca me acertei com o tal Biscoito e o bendito Glac\u00ea Real.."},"content":{"rendered":"<h4><b><i>Lembro muito bem da primeira vez que tentei preparar biscoitos decorados, confesso que j\u00e1 trabalho com confeitaria a muuuitos anos mas nunca me acertei com o tal biscoito e o bendito Glac\u00ea Real.<\/i><\/b><\/h4>\n<p><span style=\"font-weight: 400;\">N\u00e3o, ao contr\u00e1rio do que voc\u00ea deve estar imaginando n\u00e3o deu certo, foi em um <strong>Natal<\/strong> e por diversas tentativas seguidas eu falhei miseravelmente no preparo da massa at\u00e9 o Glac\u00ea, isso porque eu n\u00e3o tinha as t\u00e9cnicas nem as \u00a0ferramentas certas para preparar essas del\u00edcias, tentei aprender sozinha na internet, e acredite, isso dificultou ainda mais a minha vida, eram tantas informa\u00e7\u00f5es espalhadas, misturadas e desorganizadas que acabei errando ainda mais.<\/span><\/p>\n<p><span style=\"font-weight: 400;\">Por um tempo eu desisti de preparar Biscoitos, principalmente os decorados, minha filha sempre me convidava e eu recusava, acaba at\u00e9 <strong>perdendo um momento em fam\u00edlia<\/strong> que poderia ser extremamente gratificante, e minhas alunas, ah as minhas alunas, essas sempre me pediam um curso sobre essas maravilhas e eu realmente n\u00e3o poderia oferecer esse curso porque n\u00e3o sabia preparar os biscoitos, afinal sou especialista em Brigadeiros, Brownies, Fudge, Palha Italiana, Bolos, Bolos no Pote, Cookies (processo de preparo completamente diferente) e v\u00e1rios outros doces, mas biscoito realmente n\u00e3o era meu forte!<\/span><\/p>\n<h3>Como a Vida \u00e9 Maravilhosa!<\/h3>\n<p><span style=\"font-weight: 400;\">Um certo dia fui palestrar sobre empreendedorismo na confeitaria em Belo Horizonte e conheci a Kelma Gual, ela se aproximou, pediu uma foto, elogiou demais o meu trabalho, logo perguntei o que ela fazia, e ela me mostrou esse universo encantado dos Biscoitos Decorados, vi nos olhos dela o amor por tudo que fazia e tive certeza que tinha encontrado a pessoa certa com quem eu aprenderia a preparar os <strong>famosos BISCOITOS!<\/strong><\/span><\/p>\n<p><span style=\"font-weight: 400;\">A Kelma n\u00e3o s\u00f3 ensinou como aceitou participar de um curso na minha <strong>Escola Online de Confeitaria<\/strong>, a <strong>Tudo de Cake<\/strong>, e aqui estamos depois de mais de 10 v\u00eddeo aulas gravadas passando esse conhecimento para o mundo!<\/span><\/p>\n<p><span style=\"font-weight: 400;\">Juntas gravamos com todo o carinho, o conte\u00fado foi preparado para que mesmo voc\u00ea que n\u00e3o tem nenhuma experi\u00eancia com biscoitos consiga preparar e decorar de forma <strong>pr\u00e1tica, r\u00e1pida e lucrativa cada Biscoito!<\/strong><\/span><\/p>\n<h3><b><i>Tudo sobre os Biscoitos e a verdadeira terapia que prepar\u00e1-los&#8230;<\/i><\/b><\/h3>\n<p><b><i>Biscoito ou Bolacha??? <\/i><\/b><span style=\"font-weight: 400;\">A d\u00favida vai ficar para sempre j\u00e1 que segundo a Anvisa n\u00e3o existe diferen\u00e7a entre os dois, ambos s\u00e3o derivados de farinhas e podem ser recheados, cobertos e o que mais sua imagina\u00e7\u00e3o mandar! Aproveite para usar a criatividade, utilize formas e cores para expressar seus sentimentos, <\/span><b><i>aqui o artista \u00e9 voc\u00ea!<\/i><\/b><\/p>\n<p><a href=\"https:\/\/escolatudodecake.com.br\/\"><img loading=\"lazy\" class=\"aligncenter wp-image-230 size-full\" src=\"http:\/\/tudodecake.com.br\/blog\/wp-content\/uploads\/2019\/05\/curso_biscoitos_decorados_770-x-198.jpg\" alt=\"\" width=\"770\" height=\"198\" srcset=\"https:\/\/tudodecake.com.br\/blog\/wp-content\/uploads\/2019\/05\/curso_biscoitos_decorados_770-x-198.jpg 770w, https:\/\/tudodecake.com.br\/blog\/wp-content\/uploads\/2019\/05\/curso_biscoitos_decorados_770-x-198-300x77.jpg 300w, https:\/\/tudodecake.com.br\/blog\/wp-content\/uploads\/2019\/05\/curso_biscoitos_decorados_770-x-198-768x197.jpg 768w\" sizes=\"(max-width: 770px) 100vw, 770px\" \/><\/a><\/p>\n<p><span style=\"font-weight: 400;\">Os biscoitos decorados est\u00e3o muito presentes na Europa, isso porque s\u00e3o tradi\u00e7\u00e3o nas principais festas anuais e claro, a versatilidade dessa del\u00edcia que permitem ser personalizadas como voc\u00ea quiser e essa \u00e9 a ideia aqui!<\/span><\/p>\n<p><span style=\"font-weight: 400;\">O <strong>Curso Biscoiterapia<\/strong> chegou para trazer essa delicia de forma descomplicada e vai te mostrar v\u00e1rias t\u00e9cnicas para que voc\u00ea prepare o Biscoito da forma que quiser, confesso que s\u00f3 a massa j\u00e1 \u00e9 bem saborosa, e esse \u00e9 um diferencial, o biscoito decorado n\u00e3o precisa perder sabor para ter beleza, podemos sim juntar a textura de uma massa aveludada com a cobertura doce do glac\u00ea real e lembrar aquele <em><strong>gostinho de inf\u00e2ncia!!!<\/strong><\/em><\/span><\/p>\n<p><span style=\"font-weight: 400;\">Quando comecei a preparar essas del\u00edcias percebi o quanto era gostoso e terap\u00eautico, com as t\u00e9cnicas certas e um pouquinho de vontade eu j\u00e1 consegui preparar meus primeiros biscoitos, e olha que eu duvidava que fosse conseguir, logo eu!<\/span><\/p>\n<p><span style=\"font-weight: 400;\">No momento de preparar cada um, me vejo super atenta e ao mesmo tempo consigo me organizar junto com minhas ideias, \u00e9 <strong>minha Verdadeira\u00a0TERAPIA!!!<\/strong><\/span><\/p>\n<p><b><i>Estou encantada por esse universo dos Biscoitos, das cores sabores e possibilidades e tenho certeza que voc\u00ea tamb\u00e9m vai ficar!<\/i><\/b><\/p>\n<p><a href=\"http:\/\/cursopascoalucrativa.com.br\/\"><img loading=\"lazy\" class=\"aligncenter wp-image-62 size-full\" src=\"http:\/\/tudodecake.com.br\/blog\/wp-content\/uploads\/2017\/03\/banner_770_250_blog.jpg\" alt=\"Longe da Crise com Curso de P\u00e1scoa Tudo de Cake\" width=\"770\" height=\"198\" srcset=\"https:\/\/tudodecake.com.br\/blog\/wp-content\/uploads\/2017\/03\/banner_770_250_blog.jpg 770w, https:\/\/tudodecake.com.br\/blog\/wp-content\/uploads\/2017\/03\/banner_770_250_blog-300x77.jpg 300w, https:\/\/tudodecake.com.br\/blog\/wp-content\/uploads\/2017\/03\/banner_770_250_blog-768x197.jpg 768w\" sizes=\"(max-width: 770px) 100vw, 770px\" \/><\/a><\/p>\n<div id=\"njcdgcofcbnlbpkpdhmlmiblaglnkpnj\"><\/div>\n<div id=\"njcdgcofcbnlbpkpdhmlmiblaglnkpnj\"><\/div>\n<div id=\"njcdgcofcbnlbpkpdhmlmiblaglnkpnj\"><\/div>\n<div id=\"njcdgcofcbnlbpkpdhmlmiblaglnkpnj\"><\/div>\n<div id=\"njcdgcofcbnlbpkpdhmlmiblaglnkpnj\"><\/div>\n","protected":false},"excerpt":{"rendered":"<p><b>Lembro muito bem da primeira vez que tentei preparar biscoitos decorados, confesso que j\u00e1 trabalho com confeitaria a muuuitos anos mas nunca me acertei com o tal biscoito e o bendito Glac\u00ea Real.<\/b> <\/p>\n<p>N\u00e3o, ao contr\u00e1rio do que voc\u00ea deve estar imaginando n\u00e3o deu certo, foi em um <strong>Natal<\/strong> e por diversas tentativas seguidas eu falhei miseravelmente no preparo da massa at\u00e9 o Glac\u00ea, isso porque eu n\u00e3o tinha as t\u00e9cnicas nem as \u00a0ferramentas certas para preparar essas del\u00edcias, tentei [&#8230;]<\/p>\n","protected":false},"author":1,"featured_media":242,"comment_status":"open","ping_status":"open","sticky":false,"template":"","format":"standard","meta":[],"categories":[5],"tags":[],"_links":{"self":[{"href":"https:\/\/tudodecake.com.br\/blog\/wp-json\/wp\/v2\/posts\/239"}],"collection":[{"href":"https:\/\/tudodecake.com.br\/blog\/wp-json\/wp\/v2\/posts"}],"about":[{"href":"https:\/\/tudodecake.com.br\/blog\/wp-json\/wp\/v2\/types\/post"}],"author":[{"embeddable":true,"href":"https:\/\/tudodecake.com.br\/blog\/wp-json\/wp\/v2\/users\/1"}],"replies":[{"embeddable":true,"href":"https:\/\/tudodecake.com.br\/blog\/wp-json\/wp\/v2\/comments?post=239"}],"version-history":[{"count":12,"href":"https:\/\/tudodecake.com.br\/blog\/wp-json\/wp\/v2\/posts\/239\/revisions"}],"predecessor-version":[{"id":425,"href":"https:\/\/tudodecake.com.br\/blog\/wp-json\/wp\/v2\/posts\/239\/revisions\/425"}],"wp:featuredmedia":[{"embeddable":true,"href":"https:\/\/tudodecake.com.br\/blog\/wp-json\/wp\/v2\/media\/242"}],"wp:attachment":[{"href":"https:\/\/tudodecake.com.br\/blog\/wp-json\/wp\/v2\/media?parent=239"}],"wp:term":[{"taxonomy":"category","embeddable":true,"href":"https:\/\/tudodecake.com.br\/blog\/wp-json\/wp\/v2\/categories?post=239"},{"taxonomy":"post_tag","embeddable":true,"href":"https:\/\/tudodecake.com.br\/blog\/wp-json\/wp\/v2\/tags?post=239"}],"curies":[{"name":"wp","href":"https:\/\/api.w.org\/{rel}","templated":true}]}}